{"id":49300,"date":"2026-09-04T11:12:30","date_gmt":"2026-09-04T09:12:30","guid":{"rendered":"https:\/\/www.valledeegues.com\/?post_type=noticias&#038;p=49300"},"modified":"2026-09-04T11:30:58","modified_gmt":"2026-09-04T09:30:58","slug":"deskargatu-2026ko-udazkeneko-jardueren-programa-osoa","status":"publish","type":"noticias","link":"https:\/\/www.valledeegues.com\/eu\/noticias\/deskargatu-2026ko-udazkeneko-jardueren-programa-osoa\/","title":{"rendered":"Deskargatu 2026ko Udazkeneko jardueren programa osoa"},"content":{"rendered":"<?xml encoding=\"utf-8\" ?><p class=\"PDq2pG_selectionAnchorContainer\" data-start=\"58\" data-end=\"260\">Eguesibarko Udalak <a href=\"https:\/\/www.valledeegues.com\/wp-content\/uploads\/2026\/09\/Otono-Egues-Udazkena.pdf\" class=\"doc-link doc-pdf doc-group-pdf\"><strong data-start=\"77\" data-end=\"107\">2026ko Udazkeneko Programa<\/strong><\/a> aurkeztu du. Datozen hilabeteetan garatuko den jarduera-eskaintza zabala da, adin, interes eta publiko desberdinei zuzendutako ekimenak biltzen dituena.<\/p><p data-start=\"262\" data-end=\"592\">Programazioa irailean hasi eta udazken osoan zehar luzatuko da, udaleko hainbat arlok sustatutako proposamenekin. Kultura, kirola, gazteria, gizarte-zerbitzuak, berdintasuna, euskara eta toki-garapena uztartzen dira <strong data-start=\"478\" data-end=\"551\">aisialdia, ikaskuntza, topaketa, sormena, ongizatea eta parte-hartzea<\/strong> sustatzeko pentsatutako programa batean.<\/p><p data-start=\"594\" data-end=\"1088\">Aurreikusitako jardueren artean daude arte eszenikoetako ikuskizunak, zine-kluba, sormen-tailerrak, kirol-proposamenak, haur eta gazteentzako jarduerak, topaketak eta sentsibilizazio-ekintzak. Programak hitzordu bereziak ere jasotzen ditu, hala nola <strong data-start=\"844\" data-end=\"876\">Eguesibarko Euskararen Eguna<\/strong>, <strong data-start=\"878\" data-end=\"909\">Eguesibarko Adinekoen Eguna<\/strong>, <strong data-start=\"911\" data-end=\"932\">Zientziaren Astea<\/strong>, <strong data-start=\"934\" data-end=\"967\">Haur eta Nerabeen VIII. Astea<\/strong> eta <strong data-start=\"972\" data-end=\"1054\">azaroaren 25aren, Emakumeen aurkako Indarkeria Ezabatzeko Nazioarteko Egunaren<\/strong>, inguruan antolatutako jarduerak.<\/p><p data-start=\"1090\" data-end=\"1371\">Eskaintzak haur eta familientzako jarduerak eta gazte zein helduentzako proposamen espezifikoak uztartzen ditu, baita adin guztientzako ekimen irekiak ere. Jarduera batzuk sarbide librekoak dira; beste batzuek, berriz, plaza mugatuak dituzte eta aldez aurretik izena eman behar da.<\/p><p data-start=\"1373\" data-end=\"1643\">Oro har, Eguesibarren erroldatutako pertsonek lehentasuna izango dute, eta plazak zozketa bidez esleituko dira. Izen-emateak eta ordainketak <strong data-start=\"1530\" data-end=\"1537\">012<\/strong><a href=\"https:\/\/inscripciones012.navarra.es\/GN012\/\"> webgunearen<\/a> edo &nbsp;telefonoaren bidez egingo dira, bestelako prozeduraren bat berariaz adierazten den jardueretan izan ezik.<\/p><p data-start=\"1645\" data-end=\"1819\">Liburuxka osoan proposamen bakoitzaren <strong data-start=\"1684\" data-end=\"1785\">datak, ordutegiak, lekuak, adinak, hizkuntzak, plaza kopurua, prezioak eta izena emateko sistemak<\/strong> modu errazean kontsulta daitezke.<\/p><p data-start=\"1821\" data-end=\"1944\" data-is-last-node=\"\" data-is-only-node=\"\"><strong data-start=\"1821\" data-end=\"1944\" data-is-last-node=\"\">Deskargatu 2026ko Udazkeneko Programa eta ezagutu datozen hilabeteetarako Eguesibarren aurreikusitako jarduera guztiak.<\/strong><\/p><p style=\"text-align: center;\" data-start=\"1821\" data-end=\"1944\" data-is-last-node=\"\" data-is-only-node=\"\"><strong><a href=\"https:\/\/www.valledeegues.com\/wp-content\/uploads\/2026\/09\/Otono-Egues-Udazkena.pdf\" class=\"doc-link doc-pdf doc-group-pdf\">Oto&ntilde;o Eg&uuml;es Udazkena<\/a><\/strong><\/p>\n","protected":false},"author":13,"featured_media":49307,"template":"","format":"standard","meta":{"_edit_lock":["1788514123:13"],"_edit_last":["13"],"_wpml_media_duplicate":["1"],"_wpml_media_featured":["1"],"barra":[""],"imagenslia":[""],"subti":[""],"_thumbnail_id":["49307"],"_wpml_word_count":["337"],"destacado":[""],"mostrar_barra":["1"],"_last_translation_edit_mode":["native-editor"],"_yoast_wpseo_primary_categorianoticias":[""],"_yoast_wpseo_content_score":["90"],"_yoast_wpseo_estimated-reading-time-minutes":["2"]},"class_list":["post-49300","noticias","type-noticias","status-publish","format-standard","has-post-thumbnail","hentry","categorianoticias-abisuak-eu-2-noticias","categorianoticias-albisteak","categorianoticias-gaurkotasuna","categorianoticias-izen-emateak"],"yoast_head":"<!-- This site is optimized with the Yoast SEO plugin v28.2 - https:\/\/yoast.com\/product\/yoast-seo-wordpress\/ -->\r\n<title>Deskargatu 2026ko Udazkeneko jardueren programa osoa - Ayuntamiento Valle de Eg\u00fc\u00e9s | Eguesibarko Udala<\/title>\r\n<meta name=\"robots\" content=\"index, follow, max-snippet:-1, max-image-preview:large, max-video-preview:-1\" \/>\r\n<link rel=\"canonical\" href=\"https:\/\/www.valledeegues.com\/eu\/noticias\/deskargatu-2026ko-udazkeneko-jardueren-programa-osoa\/\" \/>\r\n<meta property=\"og:locale\" content=\"eu_ES\" \/>\r\n<meta property=\"og:type\" content=\"article\" \/>\r\n<meta property=\"og:title\" content=\"Deskargatu 2026ko Udazkeneko jardueren programa osoa - Ayuntamiento Valle de Eg\u00fc\u00e9s | Eguesibarko Udala\" \/>\r\n<meta property=\"og:description\" content=\"Eguesibarko Udalak 2026ko Udazkeneko Programa aurkeztu du. Datozen hilabeteetan garatuko den jarduera-eskaintza zabala da, adin, interes eta publiko desberdinei zuzendutako ekimenak biltzen dituena.Programazioa irailean hasi eta udazken osoan zehar luzatuko da, udaleko hainbat arlok sustatutako proposamenekin. Kultura, kirola, gazteria, gizarte-zerbitzuak, berdintasuna, euskara eta toki-garapena uztartzen dira aisialdia, ikaskuntza, topaketa, sormena, ongizatea eta parte-hartzea sustatzeko pentsatutako [&hellip;]\" \/>\r\n<meta property=\"og:url\" content=\"https:\/\/www.valledeegues.com\/eu\/noticias\/deskargatu-2026ko-udazkeneko-jardueren-programa-osoa\/\" \/>\r\n<meta property=\"og:site_name\" content=\"Ayuntamiento Valle de Eg\u00fc\u00e9s | Eguesibarko Udala\" \/>\r\n<meta property=\"article:publisher\" content=\"https:\/\/www.facebook.com\/EguesEguesibar\" \/>\r\n<meta property=\"article:modified_time\" content=\"2026-09-04T09:30:58+00:00\" \/>\r\n<meta property=\"og:image\" content=\"https:\/\/www.valledeegues.com\/wp-content\/uploads\/2026\/09\/ChatGPT-Image-4-sept-2026-11_30_26-1.png\" \/>\r\n\t<meta property=\"og:image:width\" content=\"1672\" \/>\r\n\t<meta property=\"og:image:height\" content=\"941\" \/>\r\n\t<meta property=\"og:image:type\" content=\"image\/png\" \/>\r\n<meta name=\"twitter:card\" content=\"summary_large_image\" \/>\r\n<meta name=\"twitter:site\" content=\"@AValledeEgues\" \/>\r\n<meta name=\"twitter:label1\" content=\"Est. reading time\" \/>\n\t<meta name=\"twitter:data1\" content=\"2 minutes\" \/>\r\n<script type=\"application\/ld+json\" class=\"yoast-schema-graph\">{\"@context\":\"https:\\\/\\\/schema.org\",\"@graph\":[{\"@type\":\"WebPage\",\"@id\":\"https:\\\/\\\/www.valledeegues.com\\\/eu\\\/noticias\\\/deskargatu-2026ko-udazkeneko-jardueren-programa-osoa\\\/\",\"url\":\"https:\\\/\\\/www.valledeegues.com\\\/eu\\\/noticias\\\/deskargatu-2026ko-udazkeneko-jardueren-programa-osoa\\\/\",\"name\":\"Deskargatu 2026ko Udazkeneko jardueren programa osoa - Ayuntamiento Valle de Eg\u00fc\u00e9s | Eguesibarko Udala\",\"isPartOf\":{\"@id\":\"https:\\\/\\\/www.valledeegues.com\\\/eu\\\/#website\"},\"primaryImageOfPage\":{\"@id\":\"https:\\\/\\\/www.valledeegues.com\\\/eu\\\/noticias\\\/deskargatu-2026ko-udazkeneko-jardueren-programa-osoa\\\/#primaryimage\"},\"image\":{\"@id\":\"https:\\\/\\\/www.valledeegues.com\\\/eu\\\/noticias\\\/deskargatu-2026ko-udazkeneko-jardueren-programa-osoa\\\/#primaryimage\"},\"thumbnailUrl\":\"https:\\\/\\\/www.valledeegues.com\\\/wp-content\\\/uploads\\\/2026\\\/09\\\/ChatGPT-Image-4-sept-2026-11_30_26-1.png\",\"datePublished\":\"2026-09-04T09:12:30+00:00\",\"dateModified\":\"2026-09-04T09:30:58+00:00\",\"breadcrumb\":{\"@id\":\"https:\\\/\\\/www.valledeegues.com\\\/eu\\\/noticias\\\/deskargatu-2026ko-udazkeneko-jardueren-programa-osoa\\\/#breadcrumb\"},\"inLanguage\":\"eu-ES\",\"potentialAction\":[{\"@type\":\"ReadAction\",\"target\":[\"https:\\\/\\\/www.valledeegues.com\\\/eu\\\/noticias\\\/deskargatu-2026ko-udazkeneko-jardueren-programa-osoa\\\/\"]}]},{\"@type\":\"ImageObject\",\"inLanguage\":\"eu-ES\",\"@id\":\"https:\\\/\\\/www.valledeegues.com\\\/eu\\\/noticias\\\/deskargatu-2026ko-udazkeneko-jardueren-programa-osoa\\\/#primaryimage\",\"url\":\"https:\\\/\\\/www.valledeegues.com\\\/wp-content\\\/uploads\\\/2026\\\/09\\\/ChatGPT-Image-4-sept-2026-11_30_26-1.png\",\"contentUrl\":\"https:\\\/\\\/www.valledeegues.com\\\/wp-content\\\/uploads\\\/2026\\\/09\\\/ChatGPT-Image-4-sept-2026-11_30_26-1.png\",\"width\":1672,\"height\":941},{\"@type\":\"BreadcrumbList\",\"@id\":\"https:\\\/\\\/www.valledeegues.com\\\/eu\\\/noticias\\\/deskargatu-2026ko-udazkeneko-jardueren-programa-osoa\\\/#breadcrumb\",\"itemListElement\":[{\"@type\":\"ListItem\",\"position\":1,\"name\":\"Azala\",\"item\":\"https:\\\/\\\/www.valledeegues.com\\\/eu\\\/\"},{\"@type\":\"ListItem\",\"position\":2,\"name\":\"Albisteak\",\"item\":\"https:\\\/\\\/www.valledeegues.com\\\/eu\\\/noticias\\\/\"},{\"@type\":\"ListItem\",\"position\":3,\"name\":\"Deskargatu 2026ko Udazkeneko jardueren programa osoa\"}]},{\"@type\":\"WebSite\",\"@id\":\"https:\\\/\\\/www.valledeegues.com\\\/eu\\\/#website\",\"url\":\"https:\\\/\\\/www.valledeegues.com\\\/eu\\\/\",\"name\":\"Ayuntamiento Valle de Eg\u00fc\u00e9s | Eguesibarko Udala\",\"description\":\"Ayuntamiento Valle de Eg\u00fc\u00e9s | Eguesibarko Udala\",\"publisher\":{\"@id\":\"https:\\\/\\\/www.valledeegues.com\\\/eu\\\/#organization\"},\"potentialAction\":[{\"@type\":\"SearchAction\",\"target\":{\"@type\":\"EntryPoint\",\"urlTemplate\":\"https:\\\/\\\/www.valledeegues.com\\\/eu\\\/?s={search_term_string}\"},\"query-input\":{\"@type\":\"PropertyValueSpecification\",\"valueRequired\":true,\"valueName\":\"search_term_string\"}}],\"inLanguage\":\"eu-ES\"},{\"@type\":\"Organization\",\"@id\":\"https:\\\/\\\/www.valledeegues.com\\\/eu\\\/#organization\",\"name\":\"Ayuntamiento Valle de Egues\",\"url\":\"https:\\\/\\\/www.valledeegues.com\\\/eu\\\/\",\"logo\":{\"@type\":\"ImageObject\",\"inLanguage\":\"eu-ES\",\"@id\":\"https:\\\/\\\/www.valledeegues.com\\\/eu\\\/#\\\/schema\\\/logo\\\/image\\\/\",\"url\":\"https:\\\/\\\/www.valledeegues.com\\\/wp-content\\\/uploads\\\/2019\\\/06\\\/logo-egues-escudo.svg\",\"contentUrl\":\"https:\\\/\\\/www.valledeegues.com\\\/wp-content\\\/uploads\\\/2019\\\/06\\\/logo-egues-escudo.svg\",\"width\":529,\"height\":125,\"caption\":\"Ayuntamiento Valle de Egues\"},\"image\":{\"@id\":\"https:\\\/\\\/www.valledeegues.com\\\/eu\\\/#\\\/schema\\\/logo\\\/image\\\/\"},\"sameAs\":[\"https:\\\/\\\/www.facebook.com\\\/EguesEguesibar\",\"https:\\\/\\\/x.com\\\/AValledeEgues\",\"https:\\\/\\\/www.youtube.com\\\/channel\\\/UCUPvmkTy56ZAhGTVrzg4uDQ\"]}]}<\/script>\r\n<!-- \/ Yoast SEO plugin. -->","yoast_head_json":{"title":"Deskargatu 2026ko Udazkeneko jardueren programa osoa - Ayuntamiento Valle de Eg\u00fc\u00e9s | Eguesibarko Udala","robots":{"index":"index","follow":"follow","max-snippet":"max-snippet:-1","max-image-preview":"max-image-preview:large","max-video-preview":"max-video-preview:-1"},"canonical":"https:\/\/www.valledeegues.com\/eu\/noticias\/deskargatu-2026ko-udazkeneko-jardueren-programa-osoa\/","og_locale":"eu_ES","og_type":"article","og_title":"Deskargatu 2026ko Udazkeneko jardueren programa osoa - Ayuntamiento Valle de Eg\u00fc\u00e9s | Eguesibarko Udala","og_description":"Eguesibarko Udalak 2026ko Udazkeneko Programa aurkeztu du. Datozen hilabeteetan garatuko den jarduera-eskaintza zabala da, adin, interes eta publiko desberdinei zuzendutako ekimenak biltzen dituena.Programazioa irailean hasi eta udazken osoan zehar luzatuko da, udaleko hainbat arlok sustatutako proposamenekin. Kultura, kirola, gazteria, gizarte-zerbitzuak, berdintasuna, euskara eta toki-garapena uztartzen dira aisialdia, ikaskuntza, topaketa, sormena, ongizatea eta parte-hartzea sustatzeko pentsatutako [&hellip;]","og_url":"https:\/\/www.valledeegues.com\/eu\/noticias\/deskargatu-2026ko-udazkeneko-jardueren-programa-osoa\/","og_site_name":"Ayuntamiento Valle de Eg\u00fc\u00e9s | Eguesibarko Udala","article_publisher":"https:\/\/www.facebook.com\/EguesEguesibar","article_modified_time":"2026-09-04T09:30:58+00:00","og_image":[{"width":1672,"height":941,"url":"https:\/\/www.valledeegues.com\/wp-content\/uploads\/2026\/09\/ChatGPT-Image-4-sept-2026-11_30_26-1.png","type":"image\/png"}],"twitter_card":"summary_large_image","twitter_site":"@AValledeEgues","twitter_misc":{"Est. reading time":"2 minutes"},"schema":{"@context":"https:\/\/schema.org","@graph":[{"@type":"WebPage","@id":"https:\/\/www.valledeegues.com\/eu\/noticias\/deskargatu-2026ko-udazkeneko-jardueren-programa-osoa\/","url":"https:\/\/www.valledeegues.com\/eu\/noticias\/deskargatu-2026ko-udazkeneko-jardueren-programa-osoa\/","name":"Deskargatu 2026ko Udazkeneko jardueren programa osoa - Ayuntamiento Valle de Eg\u00fc\u00e9s | Eguesibarko Udala","isPartOf":{"@id":"https:\/\/www.valledeegues.com\/eu\/#website"},"primaryImageOfPage":{"@id":"https:\/\/www.valledeegues.com\/eu\/noticias\/deskargatu-2026ko-udazkeneko-jardueren-programa-osoa\/#primaryimage"},"image":{"@id":"https:\/\/www.valledeegues.com\/eu\/noticias\/deskargatu-2026ko-udazkeneko-jardueren-programa-osoa\/#primaryimage"},"thumbnailUrl":"https:\/\/www.valledeegues.com\/wp-content\/uploads\/2026\/09\/ChatGPT-Image-4-sept-2026-11_30_26-1.png","datePublished":"2026-09-04T09:12:30+00:00","dateModified":"2026-09-04T09:30:58+00:00","breadcrumb":{"@id":"https:\/\/www.valledeegues.com\/eu\/noticias\/deskargatu-2026ko-udazkeneko-jardueren-programa-osoa\/#breadcrumb"},"inLanguage":"eu-ES","potentialAction":[{"@type":"ReadAction","target":["https:\/\/www.valledeegues.com\/eu\/noticias\/deskargatu-2026ko-udazkeneko-jardueren-programa-osoa\/"]}]},{"@type":"ImageObject","inLanguage":"eu-ES","@id":"https:\/\/www.valledeegues.com\/eu\/noticias\/deskargatu-2026ko-udazkeneko-jardueren-programa-osoa\/#primaryimage","url":"https:\/\/www.valledeegues.com\/wp-content\/uploads\/2026\/09\/ChatGPT-Image-4-sept-2026-11_30_26-1.png","contentUrl":"https:\/\/www.valledeegues.com\/wp-content\/uploads\/2026\/09\/ChatGPT-Image-4-sept-2026-11_30_26-1.png","width":1672,"height":941},{"@type":"BreadcrumbList","@id":"https:\/\/www.valledeegues.com\/eu\/noticias\/deskargatu-2026ko-udazkeneko-jardueren-programa-osoa\/#breadcrumb","itemListElement":[{"@type":"ListItem","position":1,"name":"Azala","item":"https:\/\/www.valledeegues.com\/eu\/"},{"@type":"ListItem","position":2,"name":"Albisteak","item":"https:\/\/www.valledeegues.com\/eu\/noticias\/"},{"@type":"ListItem","position":3,"name":"Deskargatu 2026ko Udazkeneko jardueren programa osoa"}]},{"@type":"WebSite","@id":"https:\/\/www.valledeegues.com\/eu\/#website","url":"https:\/\/www.valledeegues.com\/eu\/","name":"Ayuntamiento Valle de Eg\u00fc\u00e9s | Eguesibarko Udala","description":"Ayuntamiento Valle de Eg\u00fc\u00e9s | Eguesibarko Udala","publisher":{"@id":"https:\/\/www.valledeegues.com\/eu\/#organization"},"potentialAction":[{"@type":"SearchAction","target":{"@type":"EntryPoint","urlTemplate":"https:\/\/www.valledeegues.com\/eu\/?s={search_term_string}"},"query-input":{"@type":"PropertyValueSpecification","valueRequired":true,"valueName":"search_term_string"}}],"inLanguage":"eu-ES"},{"@type":"Organization","@id":"https:\/\/www.valledeegues.com\/eu\/#organization","name":"Ayuntamiento Valle de Egues","url":"https:\/\/www.valledeegues.com\/eu\/","logo":{"@type":"ImageObject","inLanguage":"eu-ES","@id":"https:\/\/www.valledeegues.com\/eu\/#\/schema\/logo\/image\/","url":"https:\/\/www.valledeegues.com\/wp-content\/uploads\/2019\/06\/logo-egues-escudo.svg","contentUrl":"https:\/\/www.valledeegues.com\/wp-content\/uploads\/2019\/06\/logo-egues-escudo.svg","width":529,"height":125,"caption":"Ayuntamiento Valle de Egues"},"image":{"@id":"https:\/\/www.valledeegues.com\/eu\/#\/schema\/logo\/image\/"},"sameAs":["https:\/\/www.facebook.com\/EguesEguesibar","https:\/\/x.com\/AValledeEgues","https:\/\/www.youtube.com\/channel\/UCUPvmkTy56ZAhGTVrzg4uDQ"]}]}},"_links":{"self":[{"href":"https:\/\/www.valledeegues.com\/eu\/wp-json\/wp\/v2\/noticias\/49300","targetHints":{"allow":["GET"]}}],"collection":[{"href":"https:\/\/www.valledeegues.com\/eu\/wp-json\/wp\/v2\/noticias"}],"about":[{"href":"https:\/\/www.valledeegues.com\/eu\/wp-json\/wp\/v2\/types\/noticias"}],"author":[{"embeddable":true,"href":"https:\/\/www.valledeegues.com\/eu\/wp-json\/wp\/v2\/users\/13"}],"wp:featuredmedia":[{"embeddable":true,"href":"https:\/\/www.valledeegues.com\/eu\/wp-json\/wp\/v2\/media\/49307"}],"wp:attachment":[{"href":"https:\/\/www.valledeegues.com\/eu\/wp-json\/wp\/v2\/media?parent=49300"}],"curies":[{"name":"wp","href":"https:\/\/api.w.org\/{rel}","templated":true}]}}