{"id":49283,"date":"2026-09-06T11:00:19","date_gmt":"2026-09-06T09:00:19","guid":{"rendered":"https:\/\/www.valledeegues.com\/?post_type=noticias&#038;p=49283"},"modified":"2026-09-04T08:24:13","modified_gmt":"2026-09-04T06:24:13","slug":"eguesibarko-gizarte-ekintzako-elkarteek-topagune-berri-bat-izango-dute","status":"publish","type":"noticias","link":"https:\/\/www.valledeegues.com\/eu\/noticias\/eguesibarko-gizarte-ekintzako-elkarteek-topagune-berri-bat-izango-dute\/","title":{"rendered":"Eguesibarko gizarte-ekintzako elkarteek topagune berri bat izango dute"},"content":{"rendered":"<p><b>FAZek Eguesibarko gizarte-ekintzako elkarteentzako topagune bat sustatuko du. Ekimenaren helburua esperientziak partekatzea, sareak sendotzea eta komunitatean eragina izango duten proiektuak sortzea sustatzea da. Lehenengo topaketa irailaren 21ean izango da.<\/b><\/p>\n<p><span style=\"font-weight: 400;\">Eguesibarko Udalak, Gizarte Zerbitzuen bidez, <\/span><b>Eguesibarko Gizarte Ekintzako Elkarteentzako Gunea<\/b><span style=\"font-weight: 400;\"> jarriko du abian. Ekimenaren helburua da bailarako elkarte-sarearen arteko topaketa, lankidetza eta esperientzien trukea sustatzea.<\/span><\/p>\n<p><span style=\"font-weight: 400;\">Helburua da <\/span><b>esperientziak partekatzeko, sareak sendotzeko eta komunitatean eragina izango duten proiektuak bultzatzeko ideiak sortzeko gune bat izatea<\/b><span style=\"font-weight: 400;\">. Topaketak <\/span><b>hilean behin<\/b><span style=\"font-weight: 400;\"> egingo dira.<\/span><\/p>\n<p><span style=\"font-weight: 400;\">Lehenengo saioa <\/span><b>irailaren 21ean izango da, 12:00etan, FAZen (Familiei Arreta Zentroa)<\/b><span style=\"font-weight: 400;\">.<\/span><\/p>\n<p><span style=\"font-weight: 400;\">Parte-hartzea <\/span><b>doakoa<\/b><span style=\"font-weight: 400;\"> da. Interesa duten pertsonek <\/span><b>948 165 651<\/b><span style=\"font-weight: 400;\"> telefono-zenbakira deituta edo <\/span><b>caf@egues.es<\/b><span style=\"font-weight: 400;\"> helbidera idatzita eman dezakete izena.<\/span><\/p>\n<p><b>Lehenengo topaketa:<\/b><span style=\"font-weight: 400;\"> irailaren 21a<\/span><span style=\"font-weight: 400;\"><br \/>\n<\/span><b>Ordua:<\/b><span style=\"font-weight: 400;\"> 12:00<\/span><span style=\"font-weight: 400;\"><br \/>\n<\/span><b>Lekua:<\/b><span style=\"font-weight: 400;\"> FAZ<\/span><span style=\"font-weight: 400;\"><br \/>\n<\/span><b>Maiztasuna:<\/b><span style=\"font-weight: 400;\"> hilean behin<\/span><span style=\"font-weight: 400;\"><br \/>\n<\/span><b>Izen-ematea:<\/b><span style=\"font-weight: 400;\"> 948 165 651 \/ caf@egues.es<\/span><span style=\"font-weight: 400;\"><br \/>\n<\/span><b>Prezioa:<\/b><span style=\"font-weight: 400;\"> doakoa<\/span><\/p>\n","protected":false},"author":13,"featured_media":49282,"template":"","format":"standard","meta":{"_edit_lock":["1788503086:13"],"_edit_last":["13"],"_wpml_media_duplicate":["1"],"_wpml_media_featured":["1"],"barra":[""],"imagenslia":[""],"subti":[""],"_thumbnail_id":["49282"],"_wpml_word_count":["186"],"destacado":[""],"mostrar_barra":["1"],"_last_translation_edit_mode":["native-editor"],"_yoast_wpseo_primary_categorianoticias":[""],"_yoast_wpseo_content_score":["90"],"_yoast_wpseo_estimated-reading-time-minutes":["1"]},"class_list":["post-49283","noticias","type-noticias","status-publish","format-standard","has-post-thumbnail","hentry","categorianoticias-faz-noticias","categorianoticias-izen-emateak"],"yoast_head":"<!-- This site is optimized with the Yoast SEO plugin v28.2 - https:\/\/yoast.com\/product\/yoast-seo-wordpress\/ -->\r\n<title>Eguesibarko gizarte-ekintzako elkarteek topagune berri bat izango dute - Ayuntamiento Valle de Eg\u00fc\u00e9s | Eguesibarko Udala<\/title>\r\n<meta name=\"robots\" content=\"index, follow, max-snippet:-1, max-image-preview:large, max-video-preview:-1\" \/>\r\n<link rel=\"canonical\" href=\"https:\/\/www.valledeegues.com\/eu\/noticias\/eguesibarko-gizarte-ekintzako-elkarteek-topagune-berri-bat-izango-dute\/\" \/>\r\n<meta property=\"og:locale\" content=\"eu_ES\" \/>\r\n<meta property=\"og:type\" content=\"article\" \/>\r\n<meta property=\"og:title\" content=\"Eguesibarko gizarte-ekintzako elkarteek topagune berri bat izango dute - Ayuntamiento Valle de Eg\u00fc\u00e9s | Eguesibarko Udala\" \/>\r\n<meta property=\"og:description\" content=\"FAZek Eguesibarko gizarte-ekintzako elkarteentzako topagune bat sustatuko du. Ekimenaren helburua esperientziak partekatzea, sareak sendotzea eta komunitatean eragina izango duten proiektuak sortzea sustatzea da. Lehenengo topaketa irailaren 21ean izango da. Eguesibarko Udalak, Gizarte Zerbitzuen bidez, Eguesibarko Gizarte Ekintzako Elkarteentzako Gunea jarriko du abian. Ekimenaren helburua da bailarako elkarte-sarearen arteko topaketa, lankidetza eta esperientzien trukea sustatzea. Helburua [&hellip;]\" \/>\r\n<meta property=\"og:url\" content=\"https:\/\/www.valledeegues.com\/eu\/noticias\/eguesibarko-gizarte-ekintzako-elkarteek-topagune-berri-bat-izango-dute\/\" \/>\r\n<meta property=\"og:site_name\" content=\"Ayuntamiento Valle de Eg\u00fc\u00e9s | Eguesibarko Udala\" \/>\r\n<meta property=\"article:publisher\" content=\"https:\/\/www.facebook.com\/EguesEguesibar\" \/>\r\n<meta property=\"og:image\" content=\"https:\/\/www.valledeegues.com\/wp-content\/uploads\/2026\/09\/ChatGPT-Image-4-sept-2026-08_20_54.png\" \/>\r\n\t<meta property=\"og:image:width\" content=\"1672\" \/>\r\n\t<meta property=\"og:image:height\" content=\"941\" \/>\r\n\t<meta property=\"og:image:type\" content=\"image\/png\" \/>\r\n<meta name=\"twitter:card\" content=\"summary_large_image\" \/>\r\n<meta name=\"twitter:site\" content=\"@AValledeEgues\" \/>\r\n<meta name=\"twitter:label1\" content=\"Est. reading time\" \/>\n\t<meta name=\"twitter:data1\" content=\"1 minute\" \/>\r\n<script type=\"application\/ld+json\" class=\"yoast-schema-graph\">{\"@context\":\"https:\\\/\\\/schema.org\",\"@graph\":[{\"@type\":\"WebPage\",\"@id\":\"https:\\\/\\\/www.valledeegues.com\\\/eu\\\/noticias\\\/eguesibarko-gizarte-ekintzako-elkarteek-topagune-berri-bat-izango-dute\\\/\",\"url\":\"https:\\\/\\\/www.valledeegues.com\\\/eu\\\/noticias\\\/eguesibarko-gizarte-ekintzako-elkarteek-topagune-berri-bat-izango-dute\\\/\",\"name\":\"Eguesibarko gizarte-ekintzako elkarteek topagune berri bat izango dute - Ayuntamiento Valle de Eg\u00fc\u00e9s | Eguesibarko Udala\",\"isPartOf\":{\"@id\":\"https:\\\/\\\/www.valledeegues.com\\\/eu\\\/#website\"},\"primaryImageOfPage\":{\"@id\":\"https:\\\/\\\/www.valledeegues.com\\\/eu\\\/noticias\\\/eguesibarko-gizarte-ekintzako-elkarteek-topagune-berri-bat-izango-dute\\\/#primaryimage\"},\"image\":{\"@id\":\"https:\\\/\\\/www.valledeegues.com\\\/eu\\\/noticias\\\/eguesibarko-gizarte-ekintzako-elkarteek-topagune-berri-bat-izango-dute\\\/#primaryimage\"},\"thumbnailUrl\":\"https:\\\/\\\/www.valledeegues.com\\\/wp-content\\\/uploads\\\/2026\\\/09\\\/ChatGPT-Image-4-sept-2026-08_20_54.png\",\"datePublished\":\"2026-09-06T09:00:19+00:00\",\"breadcrumb\":{\"@id\":\"https:\\\/\\\/www.valledeegues.com\\\/eu\\\/noticias\\\/eguesibarko-gizarte-ekintzako-elkarteek-topagune-berri-bat-izango-dute\\\/#breadcrumb\"},\"inLanguage\":\"eu-ES\",\"potentialAction\":[{\"@type\":\"ReadAction\",\"target\":[\"https:\\\/\\\/www.valledeegues.com\\\/eu\\\/noticias\\\/eguesibarko-gizarte-ekintzako-elkarteek-topagune-berri-bat-izango-dute\\\/\"]}]},{\"@type\":\"ImageObject\",\"inLanguage\":\"eu-ES\",\"@id\":\"https:\\\/\\\/www.valledeegues.com\\\/eu\\\/noticias\\\/eguesibarko-gizarte-ekintzako-elkarteek-topagune-berri-bat-izango-dute\\\/#primaryimage\",\"url\":\"https:\\\/\\\/www.valledeegues.com\\\/wp-content\\\/uploads\\\/2026\\\/09\\\/ChatGPT-Image-4-sept-2026-08_20_54.png\",\"contentUrl\":\"https:\\\/\\\/www.valledeegues.com\\\/wp-content\\\/uploads\\\/2026\\\/09\\\/ChatGPT-Image-4-sept-2026-08_20_54.png\",\"width\":1672,\"height\":941},{\"@type\":\"BreadcrumbList\",\"@id\":\"https:\\\/\\\/www.valledeegues.com\\\/eu\\\/noticias\\\/eguesibarko-gizarte-ekintzako-elkarteek-topagune-berri-bat-izango-dute\\\/#breadcrumb\",\"itemListElement\":[{\"@type\":\"ListItem\",\"position\":1,\"name\":\"Azala\",\"item\":\"https:\\\/\\\/www.valledeegues.com\\\/eu\\\/\"},{\"@type\":\"ListItem\",\"position\":2,\"name\":\"Albisteak\",\"item\":\"https:\\\/\\\/www.valledeegues.com\\\/eu\\\/noticias\\\/\"},{\"@type\":\"ListItem\",\"position\":3,\"name\":\"Eguesibarko gizarte-ekintzako elkarteek topagune berri bat izango dute\"}]},{\"@type\":\"WebSite\",\"@id\":\"https:\\\/\\\/www.valledeegues.com\\\/eu\\\/#website\",\"url\":\"https:\\\/\\\/www.valledeegues.com\\\/eu\\\/\",\"name\":\"Ayuntamiento Valle de Eg\u00fc\u00e9s | Eguesibarko Udala\",\"description\":\"Ayuntamiento Valle de Eg\u00fc\u00e9s | Eguesibarko Udala\",\"publisher\":{\"@id\":\"https:\\\/\\\/www.valledeegues.com\\\/eu\\\/#organization\"},\"potentialAction\":[{\"@type\":\"SearchAction\",\"target\":{\"@type\":\"EntryPoint\",\"urlTemplate\":\"https:\\\/\\\/www.valledeegues.com\\\/eu\\\/?s={search_term_string}\"},\"query-input\":{\"@type\":\"PropertyValueSpecification\",\"valueRequired\":true,\"valueName\":\"search_term_string\"}}],\"inLanguage\":\"eu-ES\"},{\"@type\":\"Organization\",\"@id\":\"https:\\\/\\\/www.valledeegues.com\\\/eu\\\/#organization\",\"name\":\"Ayuntamiento Valle de Egues\",\"url\":\"https:\\\/\\\/www.valledeegues.com\\\/eu\\\/\",\"logo\":{\"@type\":\"ImageObject\",\"inLanguage\":\"eu-ES\",\"@id\":\"https:\\\/\\\/www.valledeegues.com\\\/eu\\\/#\\\/schema\\\/logo\\\/image\\\/\",\"url\":\"https:\\\/\\\/www.valledeegues.com\\\/wp-content\\\/uploads\\\/2019\\\/06\\\/logo-egues-escudo.svg\",\"contentUrl\":\"https:\\\/\\\/www.valledeegues.com\\\/wp-content\\\/uploads\\\/2019\\\/06\\\/logo-egues-escudo.svg\",\"width\":529,\"height\":125,\"caption\":\"Ayuntamiento Valle de Egues\"},\"image\":{\"@id\":\"https:\\\/\\\/www.valledeegues.com\\\/eu\\\/#\\\/schema\\\/logo\\\/image\\\/\"},\"sameAs\":[\"https:\\\/\\\/www.facebook.com\\\/EguesEguesibar\",\"https:\\\/\\\/x.com\\\/AValledeEgues\",\"https:\\\/\\\/www.youtube.com\\\/channel\\\/UCUPvmkTy56ZAhGTVrzg4uDQ\"]}]}<\/script>\r\n<!-- \/ Yoast SEO plugin. -->","yoast_head_json":{"title":"Eguesibarko gizarte-ekintzako elkarteek topagune berri bat izango dute - Ayuntamiento Valle de Eg\u00fc\u00e9s | Eguesibarko Udala","robots":{"index":"index","follow":"follow","max-snippet":"max-snippet:-1","max-image-preview":"max-image-preview:large","max-video-preview":"max-video-preview:-1"},"canonical":"https:\/\/www.valledeegues.com\/eu\/noticias\/eguesibarko-gizarte-ekintzako-elkarteek-topagune-berri-bat-izango-dute\/","og_locale":"eu_ES","og_type":"article","og_title":"Eguesibarko gizarte-ekintzako elkarteek topagune berri bat izango dute - Ayuntamiento Valle de Eg\u00fc\u00e9s | Eguesibarko Udala","og_description":"FAZek Eguesibarko gizarte-ekintzako elkarteentzako topagune bat sustatuko du. Ekimenaren helburua esperientziak partekatzea, sareak sendotzea eta komunitatean eragina izango duten proiektuak sortzea sustatzea da. Lehenengo topaketa irailaren 21ean izango da. Eguesibarko Udalak, Gizarte Zerbitzuen bidez, Eguesibarko Gizarte Ekintzako Elkarteentzako Gunea jarriko du abian. Ekimenaren helburua da bailarako elkarte-sarearen arteko topaketa, lankidetza eta esperientzien trukea sustatzea. Helburua [&hellip;]","og_url":"https:\/\/www.valledeegues.com\/eu\/noticias\/eguesibarko-gizarte-ekintzako-elkarteek-topagune-berri-bat-izango-dute\/","og_site_name":"Ayuntamiento Valle de Eg\u00fc\u00e9s | Eguesibarko Udala","article_publisher":"https:\/\/www.facebook.com\/EguesEguesibar","og_image":[{"width":1672,"height":941,"url":"https:\/\/www.valledeegues.com\/wp-content\/uploads\/2026\/09\/ChatGPT-Image-4-sept-2026-08_20_54.png","type":"image\/png"}],"twitter_card":"summary_large_image","twitter_site":"@AValledeEgues","twitter_misc":{"Est. reading time":"1 minute"},"schema":{"@context":"https:\/\/schema.org","@graph":[{"@type":"WebPage","@id":"https:\/\/www.valledeegues.com\/eu\/noticias\/eguesibarko-gizarte-ekintzako-elkarteek-topagune-berri-bat-izango-dute\/","url":"https:\/\/www.valledeegues.com\/eu\/noticias\/eguesibarko-gizarte-ekintzako-elkarteek-topagune-berri-bat-izango-dute\/","name":"Eguesibarko gizarte-ekintzako elkarteek topagune berri bat izango dute - Ayuntamiento Valle de Eg\u00fc\u00e9s | Eguesibarko Udala","isPartOf":{"@id":"https:\/\/www.valledeegues.com\/eu\/#website"},"primaryImageOfPage":{"@id":"https:\/\/www.valledeegues.com\/eu\/noticias\/eguesibarko-gizarte-ekintzako-elkarteek-topagune-berri-bat-izango-dute\/#primaryimage"},"image":{"@id":"https:\/\/www.valledeegues.com\/eu\/noticias\/eguesibarko-gizarte-ekintzako-elkarteek-topagune-berri-bat-izango-dute\/#primaryimage"},"thumbnailUrl":"https:\/\/www.valledeegues.com\/wp-content\/uploads\/2026\/09\/ChatGPT-Image-4-sept-2026-08_20_54.png","datePublished":"2026-09-06T09:00:19+00:00","breadcrumb":{"@id":"https:\/\/www.valledeegues.com\/eu\/noticias\/eguesibarko-gizarte-ekintzako-elkarteek-topagune-berri-bat-izango-dute\/#breadcrumb"},"inLanguage":"eu-ES","potentialAction":[{"@type":"ReadAction","target":["https:\/\/www.valledeegues.com\/eu\/noticias\/eguesibarko-gizarte-ekintzako-elkarteek-topagune-berri-bat-izango-dute\/"]}]},{"@type":"ImageObject","inLanguage":"eu-ES","@id":"https:\/\/www.valledeegues.com\/eu\/noticias\/eguesibarko-gizarte-ekintzako-elkarteek-topagune-berri-bat-izango-dute\/#primaryimage","url":"https:\/\/www.valledeegues.com\/wp-content\/uploads\/2026\/09\/ChatGPT-Image-4-sept-2026-08_20_54.png","contentUrl":"https:\/\/www.valledeegues.com\/wp-content\/uploads\/2026\/09\/ChatGPT-Image-4-sept-2026-08_20_54.png","width":1672,"height":941},{"@type":"BreadcrumbList","@id":"https:\/\/www.valledeegues.com\/eu\/noticias\/eguesibarko-gizarte-ekintzako-elkarteek-topagune-berri-bat-izango-dute\/#breadcrumb","itemListElement":[{"@type":"ListItem","position":1,"name":"Azala","item":"https:\/\/www.valledeegues.com\/eu\/"},{"@type":"ListItem","position":2,"name":"Albisteak","item":"https:\/\/www.valledeegues.com\/eu\/noticias\/"},{"@type":"ListItem","position":3,"name":"Eguesibarko gizarte-ekintzako elkarteek topagune berri bat izango dute"}]},{"@type":"WebSite","@id":"https:\/\/www.valledeegues.com\/eu\/#website","url":"https:\/\/www.valledeegues.com\/eu\/","name":"Ayuntamiento Valle de Eg\u00fc\u00e9s | Eguesibarko Udala","description":"Ayuntamiento Valle de Eg\u00fc\u00e9s | Eguesibarko Udala","publisher":{"@id":"https:\/\/www.valledeegues.com\/eu\/#organization"},"potentialAction":[{"@type":"SearchAction","target":{"@type":"EntryPoint","urlTemplate":"https:\/\/www.valledeegues.com\/eu\/?s={search_term_string}"},"query-input":{"@type":"PropertyValueSpecification","valueRequired":true,"valueName":"search_term_string"}}],"inLanguage":"eu-ES"},{"@type":"Organization","@id":"https:\/\/www.valledeegues.com\/eu\/#organization","name":"Ayuntamiento Valle de Egues","url":"https:\/\/www.valledeegues.com\/eu\/","logo":{"@type":"ImageObject","inLanguage":"eu-ES","@id":"https:\/\/www.valledeegues.com\/eu\/#\/schema\/logo\/image\/","url":"https:\/\/www.valledeegues.com\/wp-content\/uploads\/2019\/06\/logo-egues-escudo.svg","contentUrl":"https:\/\/www.valledeegues.com\/wp-content\/uploads\/2019\/06\/logo-egues-escudo.svg","width":529,"height":125,"caption":"Ayuntamiento Valle de Egues"},"image":{"@id":"https:\/\/www.valledeegues.com\/eu\/#\/schema\/logo\/image\/"},"sameAs":["https:\/\/www.facebook.com\/EguesEguesibar","https:\/\/x.com\/AValledeEgues","https:\/\/www.youtube.com\/channel\/UCUPvmkTy56ZAhGTVrzg4uDQ"]}]}},"_links":{"self":[{"href":"https:\/\/www.valledeegues.com\/eu\/wp-json\/wp\/v2\/noticias\/49283","targetHints":{"allow":["GET"]}}],"collection":[{"href":"https:\/\/www.valledeegues.com\/eu\/wp-json\/wp\/v2\/noticias"}],"about":[{"href":"https:\/\/www.valledeegues.com\/eu\/wp-json\/wp\/v2\/types\/noticias"}],"author":[{"embeddable":true,"href":"https:\/\/www.valledeegues.com\/eu\/wp-json\/wp\/v2\/users\/13"}],"wp:featuredmedia":[{"embeddable":true,"href":"https:\/\/www.valledeegues.com\/eu\/wp-json\/wp\/v2\/media\/49282"}],"wp:attachment":[{"href":"https:\/\/www.valledeegues.com\/eu\/wp-json\/wp\/v2\/media?parent=49283"}],"curies":[{"name":"wp","href":"https:\/\/api.w.org\/{rel}","templated":true}]}}