{"id":49195,"date":"2026-09-05T11:00:26","date_gmt":"2026-09-05T09:00:26","guid":{"rendered":"https:\/\/www.valledeegues.com\/?post_type=noticias&#038;p=49195"},"modified":"2026-09-02T11:15:55","modified_gmt":"2026-09-02T09:15:55","slug":"helduentzako-gaztelania-eskoletan-izena-emateko-epea-zabalik","status":"publish","type":"noticias","link":"https:\/\/www.valledeegues.com\/eu\/noticias\/helduentzako-gaztelania-eskoletan-izena-emateko-epea-zabalik\/","title":{"rendered":"Helduentzako gaztelania-eskoletan izena emateko epea zabalik"},"content":{"rendered":"<p class=\"PDq2pG_selectionAnchorContainer\" data-start=\"66\" data-end=\"221\"><strong data-start=\"66\" data-end=\"221\">Eskolak irailaren 17an hasiko dira FAZen, eta edozein nazionalitatetako helduei zuzenduta daude. Izen-emateak irailaren 2tik 8ra egin ahal izango dira.<\/strong><\/p>\n<p data-start=\"223\" data-end=\"556\">Eguesibarko Udalak, Gizarte Zerbitzuen bidez, <strong data-start=\"269\" data-end=\"304\">helduentzako gaztelania-eskolak<\/strong> eskainiko ditu ikasturte berrian. Proposamena edozein nazionalitatetako pertsonei zuzenduta dago, gaztelania-maila hobetu nahi dutenei, eguneroko bizitzan moldatzeko, lana aurkitzeko, beste pertsona batzuekin komunikatzeko edo ikasketekin jarraitzeko.<\/p>\n<p data-start=\"558\" data-end=\"788\">Eskolak <strong data-start=\"566\" data-end=\"584\">irailaren 17an<\/strong> hasiko dira, <strong data-start=\"598\" data-end=\"652\">goizez egingo dira FAZen (Familiei Arreta Zentroa)<\/strong> eta <strong data-start=\"657\" data-end=\"685\">CPEBPA Jos\u00e9 M\u00aa Iribarren<\/strong> ikastetxeko irakasleek emango dituzte. Matrikularen prezioa <strong data-start=\"746\" data-end=\"759\">5 eurokoa<\/strong> da eta plazak mugatuak dira.<\/p>\n<p data-start=\"790\" data-end=\"825\"><strong data-start=\"790\" data-end=\"825\">Izen-emateak irailaren 2tik 8ra<\/strong><\/p>\n<p data-start=\"827\" data-end=\"938\">Izen-emateko epea <strong data-start=\"845\" data-end=\"867\">irailaren 2tik 8ra<\/strong> egongo da zabalik. Izen-emateak honako leku honetan egin beharko dira:<\/p>\n<p data-start=\"940\" data-end=\"1055\"><strong data-start=\"940\" data-end=\"995\">Jos\u00e9 Mar\u00eda Iribarren Helduen Hezkuntzako Ikastetxea<\/strong><br data-start=\"995\" data-end=\"998\" \/>Ermitaga\u00f1a auzoa<br data-start=\"1014\" data-end=\"1017\" \/>Bartolom\u00e9 de Carranza kalea, 5<br data-start=\"1047\" data-end=\"1050\" \/>Iru\u00f1a<\/p>\n<p data-start=\"1057\" data-end=\"1199\">Plazen erabilgarritasuna kontsultatzeko, CPEBPA Jos\u00e9 M\u00aa Iribarren ikastetxearekin harremanetan jar daiteke <strong data-start=\"1164\" data-end=\"1179\">848 430 400<\/strong> telefono-zenbakian.<\/p>\n<p data-start=\"1201\" data-end=\"1266\"><strong data-start=\"1201\" data-end=\"1266\">Familia Atsedenerako Zerbitzua eskolak ematen diren bitartean<\/strong><\/p>\n<p data-start=\"1268\" data-end=\"1401\">Bertaratzea errazteko, FAZek <strong data-start=\"1297\" data-end=\"1400\">1 eta 6 urte bitarteko haurrentzako Familia Atsedenerako Zerbitzua eskaintzen du eskolen ordutegian<\/strong>.<\/p>\n<p data-start=\"1403\" data-end=\"1513\" data-is-last-node=\"\" data-is-only-node=\"\">Zerbitzu honetan interesa duten pertsonek informazio gehiago eska dezakete <strong data-start=\"1478\" data-end=\"1493\">948 165 651<\/strong> telefono-zenbakian.<\/p>\n","protected":false},"author":2,"featured_media":49194,"template":"","format":"standard","meta":{"_edit_lock":["1788341592:2"],"_edit_last":["2"],"_wpml_media_duplicate":["1"],"_wpml_media_featured":["1"],"barra":[""],"imagenslia":[""],"subti":[""],"_thumbnail_id":["49194"],"_wpml_word_count":["249"],"destacado":[""],"mostrar_barra":["1"],"_last_translation_edit_mode":["native-editor"],"_yoast_wpseo_primary_categorianoticias":["857"],"_yoast_wpseo_content_score":["90"],"_yoast_wpseo_estimated-reading-time-minutes":["1"]},"class_list":["post-49195","noticias","type-noticias","status-publish","format-standard","has-post-thumbnail","hentry","categorianoticias-faz-noticias","categorianoticias-hezkuntza-noticias","categorianoticias-izen-emateak","categorianoticias-kultura-noticias"],"yoast_head":"<!-- This site is optimized with the Yoast SEO plugin v28.2 - https:\/\/yoast.com\/product\/yoast-seo-wordpress\/ -->\r\n<title>Helduentzako gaztelania-eskoletan izena emateko epea zabalik - Ayuntamiento Valle de Eg\u00fc\u00e9s | Eguesibarko Udala<\/title>\r\n<meta name=\"robots\" content=\"index, follow, max-snippet:-1, max-image-preview:large, max-video-preview:-1\" \/>\r\n<link rel=\"canonical\" href=\"https:\/\/www.valledeegues.com\/eu\/noticias\/helduentzako-gaztelania-eskoletan-izena-emateko-epea-zabalik\/\" \/>\r\n<meta property=\"og:locale\" content=\"eu_ES\" \/>\r\n<meta property=\"og:type\" content=\"article\" \/>\r\n<meta property=\"og:title\" content=\"Helduentzako gaztelania-eskoletan izena emateko epea zabalik - Ayuntamiento Valle de Eg\u00fc\u00e9s | Eguesibarko Udala\" \/>\r\n<meta property=\"og:description\" content=\"Eskolak irailaren 17an hasiko dira FAZen, eta edozein nazionalitatetako helduei zuzenduta daude. Izen-emateak irailaren 2tik 8ra egin ahal izango dira. Eguesibarko Udalak, Gizarte Zerbitzuen bidez, helduentzako gaztelania-eskolak eskainiko ditu ikasturte berrian. Proposamena edozein nazionalitatetako pertsonei zuzenduta dago, gaztelania-maila hobetu nahi dutenei, eguneroko bizitzan moldatzeko, lana aurkitzeko, beste pertsona batzuekin komunikatzeko edo ikasketekin jarraitzeko. Eskolak irailaren [&hellip;]\" \/>\r\n<meta property=\"og:url\" content=\"https:\/\/www.valledeegues.com\/eu\/noticias\/helduentzako-gaztelania-eskoletan-izena-emateko-epea-zabalik\/\" \/>\r\n<meta property=\"og:site_name\" content=\"Ayuntamiento Valle de Eg\u00fc\u00e9s | Eguesibarko Udala\" \/>\r\n<meta property=\"article:publisher\" content=\"https:\/\/www.facebook.com\/EguesEguesibar\" \/>\r\n<meta property=\"og:image\" content=\"https:\/\/www.valledeegues.com\/wp-content\/uploads\/2026\/09\/019213A3-B360-4026-AB79-867C3597E59F-1.png\" \/>\r\n\t<meta property=\"og:image:width\" content=\"1672\" \/>\r\n\t<meta property=\"og:image:height\" content=\"941\" \/>\r\n\t<meta property=\"og:image:type\" content=\"image\/png\" \/>\r\n<meta name=\"twitter:card\" content=\"summary_large_image\" \/>\r\n<meta name=\"twitter:site\" content=\"@AValledeEgues\" \/>\r\n<meta name=\"twitter:label1\" content=\"Est. reading time\" \/>\n\t<meta name=\"twitter:data1\" content=\"1 minute\" \/>\r\n<script type=\"application\/ld+json\" class=\"yoast-schema-graph\">{\"@context\":\"https:\\\/\\\/schema.org\",\"@graph\":[{\"@type\":\"WebPage\",\"@id\":\"https:\\\/\\\/www.valledeegues.com\\\/eu\\\/noticias\\\/helduentzako-gaztelania-eskoletan-izena-emateko-epea-zabalik\\\/\",\"url\":\"https:\\\/\\\/www.valledeegues.com\\\/eu\\\/noticias\\\/helduentzako-gaztelania-eskoletan-izena-emateko-epea-zabalik\\\/\",\"name\":\"Helduentzako gaztelania-eskoletan izena emateko epea zabalik - Ayuntamiento Valle de Eg\u00fc\u00e9s | Eguesibarko Udala\",\"isPartOf\":{\"@id\":\"https:\\\/\\\/www.valledeegues.com\\\/eu\\\/#website\"},\"primaryImageOfPage\":{\"@id\":\"https:\\\/\\\/www.valledeegues.com\\\/eu\\\/noticias\\\/helduentzako-gaztelania-eskoletan-izena-emateko-epea-zabalik\\\/#primaryimage\"},\"image\":{\"@id\":\"https:\\\/\\\/www.valledeegues.com\\\/eu\\\/noticias\\\/helduentzako-gaztelania-eskoletan-izena-emateko-epea-zabalik\\\/#primaryimage\"},\"thumbnailUrl\":\"https:\\\/\\\/www.valledeegues.com\\\/wp-content\\\/uploads\\\/2026\\\/09\\\/019213A3-B360-4026-AB79-867C3597E59F-1.png\",\"datePublished\":\"2026-09-05T09:00:26+00:00\",\"breadcrumb\":{\"@id\":\"https:\\\/\\\/www.valledeegues.com\\\/eu\\\/noticias\\\/helduentzako-gaztelania-eskoletan-izena-emateko-epea-zabalik\\\/#breadcrumb\"},\"inLanguage\":\"eu-ES\",\"potentialAction\":[{\"@type\":\"ReadAction\",\"target\":[\"https:\\\/\\\/www.valledeegues.com\\\/eu\\\/noticias\\\/helduentzako-gaztelania-eskoletan-izena-emateko-epea-zabalik\\\/\"]}]},{\"@type\":\"ImageObject\",\"inLanguage\":\"eu-ES\",\"@id\":\"https:\\\/\\\/www.valledeegues.com\\\/eu\\\/noticias\\\/helduentzako-gaztelania-eskoletan-izena-emateko-epea-zabalik\\\/#primaryimage\",\"url\":\"https:\\\/\\\/www.valledeegues.com\\\/wp-content\\\/uploads\\\/2026\\\/09\\\/019213A3-B360-4026-AB79-867C3597E59F-1.png\",\"contentUrl\":\"https:\\\/\\\/www.valledeegues.com\\\/wp-content\\\/uploads\\\/2026\\\/09\\\/019213A3-B360-4026-AB79-867C3597E59F-1.png\",\"width\":1672,\"height\":941},{\"@type\":\"BreadcrumbList\",\"@id\":\"https:\\\/\\\/www.valledeegues.com\\\/eu\\\/noticias\\\/helduentzako-gaztelania-eskoletan-izena-emateko-epea-zabalik\\\/#breadcrumb\",\"itemListElement\":[{\"@type\":\"ListItem\",\"position\":1,\"name\":\"Azala\",\"item\":\"https:\\\/\\\/www.valledeegues.com\\\/eu\\\/\"},{\"@type\":\"ListItem\",\"position\":2,\"name\":\"Albisteak\",\"item\":\"https:\\\/\\\/www.valledeegues.com\\\/eu\\\/noticias\\\/\"},{\"@type\":\"ListItem\",\"position\":3,\"name\":\"Helduentzako gaztelania-eskoletan izena emateko epea zabalik\"}]},{\"@type\":\"WebSite\",\"@id\":\"https:\\\/\\\/www.valledeegues.com\\\/eu\\\/#website\",\"url\":\"https:\\\/\\\/www.valledeegues.com\\\/eu\\\/\",\"name\":\"Ayuntamiento Valle de Eg\u00fc\u00e9s | Eguesibarko Udala\",\"description\":\"Ayuntamiento Valle de Eg\u00fc\u00e9s | Eguesibarko Udala\",\"publisher\":{\"@id\":\"https:\\\/\\\/www.valledeegues.com\\\/eu\\\/#organization\"},\"potentialAction\":[{\"@type\":\"SearchAction\",\"target\":{\"@type\":\"EntryPoint\",\"urlTemplate\":\"https:\\\/\\\/www.valledeegues.com\\\/eu\\\/?s={search_term_string}\"},\"query-input\":{\"@type\":\"PropertyValueSpecification\",\"valueRequired\":true,\"valueName\":\"search_term_string\"}}],\"inLanguage\":\"eu-ES\"},{\"@type\":\"Organization\",\"@id\":\"https:\\\/\\\/www.valledeegues.com\\\/eu\\\/#organization\",\"name\":\"Ayuntamiento Valle de Egues\",\"url\":\"https:\\\/\\\/www.valledeegues.com\\\/eu\\\/\",\"logo\":{\"@type\":\"ImageObject\",\"inLanguage\":\"eu-ES\",\"@id\":\"https:\\\/\\\/www.valledeegues.com\\\/eu\\\/#\\\/schema\\\/logo\\\/image\\\/\",\"url\":\"https:\\\/\\\/www.valledeegues.com\\\/wp-content\\\/uploads\\\/2019\\\/06\\\/logo-egues-escudo.svg\",\"contentUrl\":\"https:\\\/\\\/www.valledeegues.com\\\/wp-content\\\/uploads\\\/2019\\\/06\\\/logo-egues-escudo.svg\",\"width\":529,\"height\":125,\"caption\":\"Ayuntamiento Valle de Egues\"},\"image\":{\"@id\":\"https:\\\/\\\/www.valledeegues.com\\\/eu\\\/#\\\/schema\\\/logo\\\/image\\\/\"},\"sameAs\":[\"https:\\\/\\\/www.facebook.com\\\/EguesEguesibar\",\"https:\\\/\\\/x.com\\\/AValledeEgues\",\"https:\\\/\\\/www.youtube.com\\\/channel\\\/UCUPvmkTy56ZAhGTVrzg4uDQ\"]}]}<\/script>\r\n<!-- \/ Yoast SEO plugin. -->","yoast_head_json":{"title":"Helduentzako gaztelania-eskoletan izena emateko epea zabalik - Ayuntamiento Valle de Eg\u00fc\u00e9s | Eguesibarko Udala","robots":{"index":"index","follow":"follow","max-snippet":"max-snippet:-1","max-image-preview":"max-image-preview:large","max-video-preview":"max-video-preview:-1"},"canonical":"https:\/\/www.valledeegues.com\/eu\/noticias\/helduentzako-gaztelania-eskoletan-izena-emateko-epea-zabalik\/","og_locale":"eu_ES","og_type":"article","og_title":"Helduentzako gaztelania-eskoletan izena emateko epea zabalik - Ayuntamiento Valle de Eg\u00fc\u00e9s | Eguesibarko Udala","og_description":"Eskolak irailaren 17an hasiko dira FAZen, eta edozein nazionalitatetako helduei zuzenduta daude. Izen-emateak irailaren 2tik 8ra egin ahal izango dira. Eguesibarko Udalak, Gizarte Zerbitzuen bidez, helduentzako gaztelania-eskolak eskainiko ditu ikasturte berrian. Proposamena edozein nazionalitatetako pertsonei zuzenduta dago, gaztelania-maila hobetu nahi dutenei, eguneroko bizitzan moldatzeko, lana aurkitzeko, beste pertsona batzuekin komunikatzeko edo ikasketekin jarraitzeko. Eskolak irailaren [&hellip;]","og_url":"https:\/\/www.valledeegues.com\/eu\/noticias\/helduentzako-gaztelania-eskoletan-izena-emateko-epea-zabalik\/","og_site_name":"Ayuntamiento Valle de Eg\u00fc\u00e9s | Eguesibarko Udala","article_publisher":"https:\/\/www.facebook.com\/EguesEguesibar","og_image":[{"width":1672,"height":941,"url":"https:\/\/www.valledeegues.com\/wp-content\/uploads\/2026\/09\/019213A3-B360-4026-AB79-867C3597E59F-1.png","type":"image\/png"}],"twitter_card":"summary_large_image","twitter_site":"@AValledeEgues","twitter_misc":{"Est. reading time":"1 minute"},"schema":{"@context":"https:\/\/schema.org","@graph":[{"@type":"WebPage","@id":"https:\/\/www.valledeegues.com\/eu\/noticias\/helduentzako-gaztelania-eskoletan-izena-emateko-epea-zabalik\/","url":"https:\/\/www.valledeegues.com\/eu\/noticias\/helduentzako-gaztelania-eskoletan-izena-emateko-epea-zabalik\/","name":"Helduentzako gaztelania-eskoletan izena emateko epea zabalik - Ayuntamiento Valle de Eg\u00fc\u00e9s | Eguesibarko Udala","isPartOf":{"@id":"https:\/\/www.valledeegues.com\/eu\/#website"},"primaryImageOfPage":{"@id":"https:\/\/www.valledeegues.com\/eu\/noticias\/helduentzako-gaztelania-eskoletan-izena-emateko-epea-zabalik\/#primaryimage"},"image":{"@id":"https:\/\/www.valledeegues.com\/eu\/noticias\/helduentzako-gaztelania-eskoletan-izena-emateko-epea-zabalik\/#primaryimage"},"thumbnailUrl":"https:\/\/www.valledeegues.com\/wp-content\/uploads\/2026\/09\/019213A3-B360-4026-AB79-867C3597E59F-1.png","datePublished":"2026-09-05T09:00:26+00:00","breadcrumb":{"@id":"https:\/\/www.valledeegues.com\/eu\/noticias\/helduentzako-gaztelania-eskoletan-izena-emateko-epea-zabalik\/#breadcrumb"},"inLanguage":"eu-ES","potentialAction":[{"@type":"ReadAction","target":["https:\/\/www.valledeegues.com\/eu\/noticias\/helduentzako-gaztelania-eskoletan-izena-emateko-epea-zabalik\/"]}]},{"@type":"ImageObject","inLanguage":"eu-ES","@id":"https:\/\/www.valledeegues.com\/eu\/noticias\/helduentzako-gaztelania-eskoletan-izena-emateko-epea-zabalik\/#primaryimage","url":"https:\/\/www.valledeegues.com\/wp-content\/uploads\/2026\/09\/019213A3-B360-4026-AB79-867C3597E59F-1.png","contentUrl":"https:\/\/www.valledeegues.com\/wp-content\/uploads\/2026\/09\/019213A3-B360-4026-AB79-867C3597E59F-1.png","width":1672,"height":941},{"@type":"BreadcrumbList","@id":"https:\/\/www.valledeegues.com\/eu\/noticias\/helduentzako-gaztelania-eskoletan-izena-emateko-epea-zabalik\/#breadcrumb","itemListElement":[{"@type":"ListItem","position":1,"name":"Azala","item":"https:\/\/www.valledeegues.com\/eu\/"},{"@type":"ListItem","position":2,"name":"Albisteak","item":"https:\/\/www.valledeegues.com\/eu\/noticias\/"},{"@type":"ListItem","position":3,"name":"Helduentzako gaztelania-eskoletan izena emateko epea zabalik"}]},{"@type":"WebSite","@id":"https:\/\/www.valledeegues.com\/eu\/#website","url":"https:\/\/www.valledeegues.com\/eu\/","name":"Ayuntamiento Valle de Eg\u00fc\u00e9s | Eguesibarko Udala","description":"Ayuntamiento Valle de Eg\u00fc\u00e9s | Eguesibarko Udala","publisher":{"@id":"https:\/\/www.valledeegues.com\/eu\/#organization"},"potentialAction":[{"@type":"SearchAction","target":{"@type":"EntryPoint","urlTemplate":"https:\/\/www.valledeegues.com\/eu\/?s={search_term_string}"},"query-input":{"@type":"PropertyValueSpecification","valueRequired":true,"valueName":"search_term_string"}}],"inLanguage":"eu-ES"},{"@type":"Organization","@id":"https:\/\/www.valledeegues.com\/eu\/#organization","name":"Ayuntamiento Valle de Egues","url":"https:\/\/www.valledeegues.com\/eu\/","logo":{"@type":"ImageObject","inLanguage":"eu-ES","@id":"https:\/\/www.valledeegues.com\/eu\/#\/schema\/logo\/image\/","url":"https:\/\/www.valledeegues.com\/wp-content\/uploads\/2019\/06\/logo-egues-escudo.svg","contentUrl":"https:\/\/www.valledeegues.com\/wp-content\/uploads\/2019\/06\/logo-egues-escudo.svg","width":529,"height":125,"caption":"Ayuntamiento Valle de Egues"},"image":{"@id":"https:\/\/www.valledeegues.com\/eu\/#\/schema\/logo\/image\/"},"sameAs":["https:\/\/www.facebook.com\/EguesEguesibar","https:\/\/x.com\/AValledeEgues","https:\/\/www.youtube.com\/channel\/UCUPvmkTy56ZAhGTVrzg4uDQ"]}]}},"_links":{"self":[{"href":"https:\/\/www.valledeegues.com\/eu\/wp-json\/wp\/v2\/noticias\/49195","targetHints":{"allow":["GET"]}}],"collection":[{"href":"https:\/\/www.valledeegues.com\/eu\/wp-json\/wp\/v2\/noticias"}],"about":[{"href":"https:\/\/www.valledeegues.com\/eu\/wp-json\/wp\/v2\/types\/noticias"}],"author":[{"embeddable":true,"href":"https:\/\/www.valledeegues.com\/eu\/wp-json\/wp\/v2\/users\/2"}],"wp:featuredmedia":[{"embeddable":true,"href":"https:\/\/www.valledeegues.com\/eu\/wp-json\/wp\/v2\/media\/49194"}],"wp:attachment":[{"href":"https:\/\/www.valledeegues.com\/eu\/wp-json\/wp\/v2\/media?parent=49195"}],"curies":[{"name":"wp","href":"https:\/\/api.w.org\/{rel}","templated":true}]}}