{"id":49183,"date":"2026-09-03T11:00:25","date_gmt":"2026-09-03T09:00:25","guid":{"rendered":"https:\/\/www.valledeegues.com\/?post_type=noticias&#038;p=49183"},"modified":"2026-09-02T10:31:16","modified_gmt":"2026-09-02T08:31:16","slug":"familia-atsedena-zatoz-jolastu-eta-ikasi-eta-udazkeneko-aisialdi-gunea-izen-emateak-zabalik","status":"publish","type":"noticias","link":"https:\/\/www.valledeegues.com\/eu\/noticias\/familia-atsedena-zatoz-jolastu-eta-ikasi-eta-udazkeneko-aisialdi-gunea-izen-emateak-zabalik\/","title":{"rendered":"Familia Atsedena, Zatoz, jolastu eta ikasi eta Udazkeneko aisialdi-gunea: izen-emateak zabalik"},"content":{"rendered":"<?xml encoding=\"utf-8\" ?><p class=\"PDq2pG_selectionAnchorContainer\" data-start=\"0\" data-end=\"86\"><strong data-start=\"0\" data-end=\"86\">Gizarte Zerbitzuek irailean irekiko dute FAZko haur-jardueretan izena emateko epea. <\/strong><strong data-start=\"88\" data-end=\"304\">Familia Atsedena, Zatoz, jolastu eta ikasi eta Udazkeneko aisialdi-guneak jolasarekin, ikaskuntzarekin, kontziliazioarekin eta bizikidetzarekin lotutako hainbat proposamen eskaintzen dizkiete Eguesibarko haurrei.<\/strong><\/p><p data-start=\"306\" data-end=\"577\">Eguesibarko Udalak, Gizarte Zerbitzuen bidez, ikasturte berrian haurrentzako hainbat jarduera jarriko ditu abian <a href=\"https:\/\/www.valledeegues.com\/eu\/udal-zerbitzuak\/gizarte-zerbitzuak-eta-familiak-faz\/faz-familien-arretarako-zentroa\/\">Familien Arretarako Zentroan (FAZ)<\/a>. Proposamenak adin desberdinetako haurrei zuzenduta daude, eta jolaserako, ikaskuntzarako, bizikidetzarako eta parte-hartzerako guneak uztartzen dituzte.<\/p><p data-start=\"579\" data-end=\"684\">Plaza eskatzeko epeak irailean izango dira, jarduera bakoitzak bere data eta prozedura izango dituelarik.<\/p><p data-start=\"579\" data-end=\"684\">\n<\/p><p data-start=\"686\" data-end=\"718\"><strong data-start=\"686\" data-end=\"718\">Ikasturteko Familia Atsedena<\/strong><\/p><p data-start=\"720\" data-end=\"834\"><strong data-start=\"720\" data-end=\"740\">Familia Atsedena<\/strong> zerbitzua <strong data-start=\"751\" data-end=\"769\">irailaren 14an<\/strong> hasiko da eta <strong data-start=\"784\" data-end=\"818\">1 eta 6 urte bitarteko haurrei<\/strong> zuzenduta dago.<\/p><p data-start=\"836\" data-end=\"1014\"><strong data-start=\"836\" data-end=\"884\">Astelehenetik ostiralera, 09:15etik 13:15era<\/strong>, egingo da FAZn. Jolas eta ikaskuntzarako gunea da, haur bakoitzak bere erritmoan esploratu, hazi eta ikasteko aukera izan dezan.<\/p><p data-start=\"1016\" data-end=\"1138\">Zerbitzua orduka eskaintzen da, <strong data-start=\"1048\" data-end=\"1078\">egunean gutxienez bi orduz<\/strong>, <strong data-start=\"1080\" data-end=\"1104\">15 plaza ditu orduko<\/strong> eta prezioa <strong data-start=\"1117\" data-end=\"1134\">euro 1 orduko<\/strong> da.<\/p><p data-start=\"1140\" data-end=\"1256\">Izen-emateak <strong data-start=\"1153\" data-end=\"1180\">irailaren 1etik aurrera<\/strong> egin daitezke, FAZra joanda edo <strong data-start=\"1213\" data-end=\"1228\">686 299 139<\/strong> telefono-zenbakira deituta.<\/p><p data-start=\"1258\" data-end=\"1315\">Informazio gehiago: <strong data-start=\"1278\" data-end=\"1294\"><a class=\"decorated-link cursor-pointer\" rel=\"noopener\" data-start=\"1280\" data-end=\"1292\">caf@egues.es<\/a><\/strong> eta <strong data-start=\"1299\" data-end=\"1314\">686 299 139<\/strong>.<\/p><p data-start=\"1258\" data-end=\"1315\">\n<\/p><p data-start=\"1317\" data-end=\"1345\"><strong data-start=\"1317\" data-end=\"1345\">Zatoz, jolastu eta ikasi<\/strong><\/p><p data-start=\"1347\" data-end=\"1514\"><strong data-start=\"1347\" data-end=\"1368\">Urritik maiatzera<\/strong>, FAZk <strong data-start=\"1375\" data-end=\"1410\">4 eta 12 urte bitarteko haurrei<\/strong>, Haur Hezkuntzako 2. mailatik Lehen Hezkuntzako 6. mailara artekoei, zuzendutako gune hau eskainiko du.<\/p><p data-start=\"1516\" data-end=\"1802\">Jarduera <strong data-start=\"1525\" data-end=\"1547\">16:45etik 18:45era<\/strong> egingo da, eta adin desberdinetara egokitutako tailerrak, jarduerak eta esperientziak eskainiko ditu, jakin-mina, sormena eta autonomia sustatzeko. Eskolako lanak egiteko tartea ere izango da, eta harremanak, bizikidetza eta parte-hartzea sustatuko dira.<\/p><p data-start=\"1804\" data-end=\"1939\">Bi talde egongo dira: <strong data-start=\"1826\" data-end=\"1889\">astelehen eta asteazkenetako taldea urriaren 5ean hasiko da<\/strong>, eta <strong data-start=\"1895\" data-end=\"1938\">astearte eta ostegunetakoa urriaren 6an<\/strong>.<\/p><p data-start=\"1941\" data-end=\"2217\">Plazak mugatuak dira, eta <strong data-start=\"1967\" data-end=\"2018\">plaza irailaren 4tik 17ra eskatu ahal izango da<\/strong>. Zozketa eta plazen jakinarazpena irailaren 21etik aurrera egingo dira. Plaza lortu ondoren, izen-ematea FAZn formalizatu beharko da, baieztapenarekin batera emango den aurretiko hitzorduaren bidez.<\/p><p data-start=\"2219\" data-end=\"2242\">Jarduera <strong data-start=\"2228\" data-end=\"2238\">doakoa<\/strong> da.<\/p><p data-start=\"2244\" data-end=\"2301\">Informazio gehiago: <strong data-start=\"2264\" data-end=\"2279\">948 165 651<\/strong> eta <strong data-start=\"2284\" data-end=\"2300\"><a class=\"decorated-link cursor-pointer\" rel=\"noopener\" data-start=\"2286\" data-end=\"2298\">caf@egues.es<\/a><\/strong>.<\/p><p data-start=\"2244\" data-end=\"2301\">\n<\/p><p data-start=\"2303\" data-end=\"2332\"><strong data-start=\"2303\" data-end=\"2332\">Udazkeneko aisialdi-gunea<\/strong><\/p><p data-start=\"2334\" data-end=\"2481\">Proposamen hau <strong data-start=\"2349\" data-end=\"2384\">6 eta 12 urte bitarteko haurrei<\/strong> zuzenduta dago eta <strong data-start=\"2404\" data-end=\"2480\">ostiraletan egingo da, urriaren 3tik abenduaren 11ra, 16:30etik 18:30era<\/strong>.<\/p><p data-start=\"2483\" data-end=\"2744\">Jarduerak <strong>FAZn zein Sarrigurengo kale eta plazetan<\/strong> egingo dira, jolasteko, deskubritzeko eta komunitatea eraikitzeko gune bat sortuz. Partekatutako esperientzien bidez, bizikidetza, berdintasuna eta aniztasunarekiko errespetua bezalako balioak landuko dira.<\/p><p data-start=\"2746\" data-end=\"2794\">Jarduera <strong data-start=\"2755\" data-end=\"2765\">doakoa<\/strong> da eta plazak mugatuak dira.<\/p><p data-start=\"2796\" data-end=\"2926\"><strong data-start=\"2796\" data-end=\"2852\">Izen-emateak irailaren 7tik 18ra egongo dira zabalik<\/strong>, eta FAZra deituta egin beharko dira, <strong data-start=\"2891\" data-end=\"2906\">948 165 651<\/strong> telefono-zenbakian.<\/p><p data-start=\"2928\" data-end=\"2985\">Informazio gehiago: <strong data-start=\"2948\" data-end=\"2963\">948 165 651<\/strong> eta <strong data-start=\"2968\" data-end=\"2984\"><a class=\"decorated-link cursor-pointer\" rel=\"noopener\" data-start=\"2970\" data-end=\"2982\">caf@egues.es<\/a><\/strong>.<\/p><p data-start=\"2928\" data-end=\"2985\">\n<\/p><p data-start=\"2987\" data-end=\"3007\"><strong data-start=\"2987\" data-end=\"3007\">Izen-emate datak<\/strong><\/p><p data-start=\"3009\" data-end=\"3162\" data-is-last-node=\"\" data-is-only-node=\"\"><strong data-start=\"3009\" data-end=\"3030\">Familia Atsedena:<\/strong> irailaren 1etik aurrera.<br data-start=\"3055\" data-end=\"3058\"><strong data-start=\"3058\" data-end=\"3087\">Zatoz, jolastu eta ikasi:<\/strong> irailaren 4tik 17ra.<br data-start=\"3108\" data-end=\"3111\"><strong data-start=\"3111\" data-end=\"3141\">Udazkeneko aisialdi-gunea:<\/strong> irailaren 7tik 18ra.<\/p>\n","protected":false},"author":2,"featured_media":49182,"template":"","format":"standard","meta":{"_edit_lock":["1788337894:2"],"_edit_last":["2"],"_wpml_media_duplicate":["1"],"_wpml_media_featured":["1"],"barra":[""],"imagenslia":[""],"subti":[""],"_thumbnail_id":["49182"],"_wpml_word_count":["515"],"destacado":[""],"mostrar_barra":["1"],"_last_translation_edit_mode":["native-editor"],"_yoast_wpseo_primary_categorianoticias":["857"],"_yoast_wpseo_content_score":["60"],"_yoast_wpseo_estimated-reading-time-minutes":["2"]},"class_list":["post-49183","noticias","type-noticias","status-publish","format-standard","has-post-thumbnail","hentry","categorianoticias-faz-noticias","categorianoticias-izen-emateak","categorianoticias-ludoteka-noticias"],"yoast_head":"<!-- This site is optimized with the Yoast SEO plugin v28.2 - https:\/\/yoast.com\/product\/yoast-seo-wordpress\/ -->\r\n<title>Familia Atsedena, Zatoz, jolastu eta ikasi eta Udazkeneko aisialdi-gunea: izen-emateak zabalik - Ayuntamiento Valle de Eg\u00fc\u00e9s | Eguesibarko Udala<\/title>\r\n<meta name=\"robots\" content=\"index, follow, max-snippet:-1, max-image-preview:large, max-video-preview:-1\" \/>\r\n<link rel=\"canonical\" href=\"https:\/\/www.valledeegues.com\/eu\/noticias\/familia-atsedena-zatoz-jolastu-eta-ikasi-eta-udazkeneko-aisialdi-gunea-izen-emateak-zabalik\/\" \/>\r\n<meta property=\"og:locale\" content=\"eu_ES\" \/>\r\n<meta property=\"og:type\" content=\"article\" \/>\r\n<meta property=\"og:title\" content=\"Familia Atsedena, Zatoz, jolastu eta ikasi eta Udazkeneko aisialdi-gunea: izen-emateak zabalik - Ayuntamiento Valle de Eg\u00fc\u00e9s | Eguesibarko Udala\" \/>\r\n<meta property=\"og:description\" content=\"Gizarte Zerbitzuek irailean irekiko dute FAZko haur-jardueretan izena emateko epea. Familia Atsedena, Zatoz, jolastu eta ikasi eta Udazkeneko aisialdi-guneak jolasarekin, ikaskuntzarekin, kontziliazioarekin eta bizikidetzarekin lotutako hainbat proposamen eskaintzen dizkiete Eguesibarko haurrei.Eguesibarko Udalak, Gizarte Zerbitzuen bidez, ikasturte berrian haurrentzako hainbat jarduera jarriko ditu abian Familien Arretarako Zentroan (FAZ). Proposamenak adin desberdinetako haurrei zuzenduta daude, eta jolaserako, [&hellip;]\" \/>\r\n<meta property=\"og:url\" content=\"https:\/\/www.valledeegues.com\/eu\/noticias\/familia-atsedena-zatoz-jolastu-eta-ikasi-eta-udazkeneko-aisialdi-gunea-izen-emateak-zabalik\/\" \/>\r\n<meta property=\"og:site_name\" content=\"Ayuntamiento Valle de Eg\u00fc\u00e9s | Eguesibarko Udala\" \/>\r\n<meta property=\"article:publisher\" content=\"https:\/\/www.facebook.com\/EguesEguesibar\" \/>\r\n<meta property=\"og:image\" content=\"https:\/\/www.valledeegues.com\/wp-content\/uploads\/2026\/09\/2B6A6FD7-22F5-4C66-843A-2473CC872F3D.png\" \/>\r\n\t<meta property=\"og:image:width\" content=\"1672\" \/>\r\n\t<meta property=\"og:image:height\" content=\"941\" \/>\r\n\t<meta property=\"og:image:type\" content=\"image\/png\" \/>\r\n<meta name=\"twitter:card\" content=\"summary_large_image\" \/>\r\n<meta name=\"twitter:site\" content=\"@AValledeEgues\" \/>\r\n<meta name=\"twitter:label1\" content=\"Est. reading time\" \/>\n\t<meta name=\"twitter:data1\" content=\"2 minutes\" \/>\r\n<script type=\"application\/ld+json\" class=\"yoast-schema-graph\">{\"@context\":\"https:\\\/\\\/schema.org\",\"@graph\":[{\"@type\":\"WebPage\",\"@id\":\"https:\\\/\\\/www.valledeegues.com\\\/eu\\\/noticias\\\/familia-atsedena-zatoz-jolastu-eta-ikasi-eta-udazkeneko-aisialdi-gunea-izen-emateak-zabalik\\\/\",\"url\":\"https:\\\/\\\/www.valledeegues.com\\\/eu\\\/noticias\\\/familia-atsedena-zatoz-jolastu-eta-ikasi-eta-udazkeneko-aisialdi-gunea-izen-emateak-zabalik\\\/\",\"name\":\"Familia Atsedena, Zatoz, jolastu eta ikasi eta Udazkeneko aisialdi-gunea: izen-emateak zabalik - Ayuntamiento Valle de Eg\u00fc\u00e9s | Eguesibarko Udala\",\"isPartOf\":{\"@id\":\"https:\\\/\\\/www.valledeegues.com\\\/eu\\\/#website\"},\"primaryImageOfPage\":{\"@id\":\"https:\\\/\\\/www.valledeegues.com\\\/eu\\\/noticias\\\/familia-atsedena-zatoz-jolastu-eta-ikasi-eta-udazkeneko-aisialdi-gunea-izen-emateak-zabalik\\\/#primaryimage\"},\"image\":{\"@id\":\"https:\\\/\\\/www.valledeegues.com\\\/eu\\\/noticias\\\/familia-atsedena-zatoz-jolastu-eta-ikasi-eta-udazkeneko-aisialdi-gunea-izen-emateak-zabalik\\\/#primaryimage\"},\"thumbnailUrl\":\"https:\\\/\\\/www.valledeegues.com\\\/wp-content\\\/uploads\\\/2026\\\/09\\\/2B6A6FD7-22F5-4C66-843A-2473CC872F3D.png\",\"datePublished\":\"2026-09-03T09:00:25+00:00\",\"breadcrumb\":{\"@id\":\"https:\\\/\\\/www.valledeegues.com\\\/eu\\\/noticias\\\/familia-atsedena-zatoz-jolastu-eta-ikasi-eta-udazkeneko-aisialdi-gunea-izen-emateak-zabalik\\\/#breadcrumb\"},\"inLanguage\":\"eu-ES\",\"potentialAction\":[{\"@type\":\"ReadAction\",\"target\":[\"https:\\\/\\\/www.valledeegues.com\\\/eu\\\/noticias\\\/familia-atsedena-zatoz-jolastu-eta-ikasi-eta-udazkeneko-aisialdi-gunea-izen-emateak-zabalik\\\/\"]}]},{\"@type\":\"ImageObject\",\"inLanguage\":\"eu-ES\",\"@id\":\"https:\\\/\\\/www.valledeegues.com\\\/eu\\\/noticias\\\/familia-atsedena-zatoz-jolastu-eta-ikasi-eta-udazkeneko-aisialdi-gunea-izen-emateak-zabalik\\\/#primaryimage\",\"url\":\"https:\\\/\\\/www.valledeegues.com\\\/wp-content\\\/uploads\\\/2026\\\/09\\\/2B6A6FD7-22F5-4C66-843A-2473CC872F3D.png\",\"contentUrl\":\"https:\\\/\\\/www.valledeegues.com\\\/wp-content\\\/uploads\\\/2026\\\/09\\\/2B6A6FD7-22F5-4C66-843A-2473CC872F3D.png\",\"width\":1672,\"height\":941},{\"@type\":\"BreadcrumbList\",\"@id\":\"https:\\\/\\\/www.valledeegues.com\\\/eu\\\/noticias\\\/familia-atsedena-zatoz-jolastu-eta-ikasi-eta-udazkeneko-aisialdi-gunea-izen-emateak-zabalik\\\/#breadcrumb\",\"itemListElement\":[{\"@type\":\"ListItem\",\"position\":1,\"name\":\"Azala\",\"item\":\"https:\\\/\\\/www.valledeegues.com\\\/eu\\\/\"},{\"@type\":\"ListItem\",\"position\":2,\"name\":\"Albisteak\",\"item\":\"https:\\\/\\\/www.valledeegues.com\\\/eu\\\/noticias\\\/\"},{\"@type\":\"ListItem\",\"position\":3,\"name\":\"Familia Atsedena, Zatoz, jolastu eta ikasi eta Udazkeneko aisialdi-gunea: izen-emateak zabalik\"}]},{\"@type\":\"WebSite\",\"@id\":\"https:\\\/\\\/www.valledeegues.com\\\/eu\\\/#website\",\"url\":\"https:\\\/\\\/www.valledeegues.com\\\/eu\\\/\",\"name\":\"Ayuntamiento Valle de Eg\u00fc\u00e9s | Eguesibarko Udala\",\"description\":\"Ayuntamiento Valle de Eg\u00fc\u00e9s | Eguesibarko Udala\",\"publisher\":{\"@id\":\"https:\\\/\\\/www.valledeegues.com\\\/eu\\\/#organization\"},\"potentialAction\":[{\"@type\":\"SearchAction\",\"target\":{\"@type\":\"EntryPoint\",\"urlTemplate\":\"https:\\\/\\\/www.valledeegues.com\\\/eu\\\/?s={search_term_string}\"},\"query-input\":{\"@type\":\"PropertyValueSpecification\",\"valueRequired\":true,\"valueName\":\"search_term_string\"}}],\"inLanguage\":\"eu-ES\"},{\"@type\":\"Organization\",\"@id\":\"https:\\\/\\\/www.valledeegues.com\\\/eu\\\/#organization\",\"name\":\"Ayuntamiento Valle de Egues\",\"url\":\"https:\\\/\\\/www.valledeegues.com\\\/eu\\\/\",\"logo\":{\"@type\":\"ImageObject\",\"inLanguage\":\"eu-ES\",\"@id\":\"https:\\\/\\\/www.valledeegues.com\\\/eu\\\/#\\\/schema\\\/logo\\\/image\\\/\",\"url\":\"https:\\\/\\\/www.valledeegues.com\\\/wp-content\\\/uploads\\\/2019\\\/06\\\/logo-egues-escudo.svg\",\"contentUrl\":\"https:\\\/\\\/www.valledeegues.com\\\/wp-content\\\/uploads\\\/2019\\\/06\\\/logo-egues-escudo.svg\",\"width\":529,\"height\":125,\"caption\":\"Ayuntamiento Valle de Egues\"},\"image\":{\"@id\":\"https:\\\/\\\/www.valledeegues.com\\\/eu\\\/#\\\/schema\\\/logo\\\/image\\\/\"},\"sameAs\":[\"https:\\\/\\\/www.facebook.com\\\/EguesEguesibar\",\"https:\\\/\\\/x.com\\\/AValledeEgues\",\"https:\\\/\\\/www.youtube.com\\\/channel\\\/UCUPvmkTy56ZAhGTVrzg4uDQ\"]}]}<\/script>\r\n<!-- \/ Yoast SEO plugin. -->","yoast_head_json":{"title":"Familia Atsedena, Zatoz, jolastu eta ikasi eta Udazkeneko aisialdi-gunea: izen-emateak zabalik - Ayuntamiento Valle de Eg\u00fc\u00e9s | Eguesibarko Udala","robots":{"index":"index","follow":"follow","max-snippet":"max-snippet:-1","max-image-preview":"max-image-preview:large","max-video-preview":"max-video-preview:-1"},"canonical":"https:\/\/www.valledeegues.com\/eu\/noticias\/familia-atsedena-zatoz-jolastu-eta-ikasi-eta-udazkeneko-aisialdi-gunea-izen-emateak-zabalik\/","og_locale":"eu_ES","og_type":"article","og_title":"Familia Atsedena, Zatoz, jolastu eta ikasi eta Udazkeneko aisialdi-gunea: izen-emateak zabalik - Ayuntamiento Valle de Eg\u00fc\u00e9s | Eguesibarko Udala","og_description":"Gizarte Zerbitzuek irailean irekiko dute FAZko haur-jardueretan izena emateko epea. Familia Atsedena, Zatoz, jolastu eta ikasi eta Udazkeneko aisialdi-guneak jolasarekin, ikaskuntzarekin, kontziliazioarekin eta bizikidetzarekin lotutako hainbat proposamen eskaintzen dizkiete Eguesibarko haurrei.Eguesibarko Udalak, Gizarte Zerbitzuen bidez, ikasturte berrian haurrentzako hainbat jarduera jarriko ditu abian Familien Arretarako Zentroan (FAZ). Proposamenak adin desberdinetako haurrei zuzenduta daude, eta jolaserako, [&hellip;]","og_url":"https:\/\/www.valledeegues.com\/eu\/noticias\/familia-atsedena-zatoz-jolastu-eta-ikasi-eta-udazkeneko-aisialdi-gunea-izen-emateak-zabalik\/","og_site_name":"Ayuntamiento Valle de Eg\u00fc\u00e9s | Eguesibarko Udala","article_publisher":"https:\/\/www.facebook.com\/EguesEguesibar","og_image":[{"width":1672,"height":941,"url":"https:\/\/www.valledeegues.com\/wp-content\/uploads\/2026\/09\/2B6A6FD7-22F5-4C66-843A-2473CC872F3D.png","type":"image\/png"}],"twitter_card":"summary_large_image","twitter_site":"@AValledeEgues","twitter_misc":{"Est. reading time":"2 minutes"},"schema":{"@context":"https:\/\/schema.org","@graph":[{"@type":"WebPage","@id":"https:\/\/www.valledeegues.com\/eu\/noticias\/familia-atsedena-zatoz-jolastu-eta-ikasi-eta-udazkeneko-aisialdi-gunea-izen-emateak-zabalik\/","url":"https:\/\/www.valledeegues.com\/eu\/noticias\/familia-atsedena-zatoz-jolastu-eta-ikasi-eta-udazkeneko-aisialdi-gunea-izen-emateak-zabalik\/","name":"Familia Atsedena, Zatoz, jolastu eta ikasi eta Udazkeneko aisialdi-gunea: izen-emateak zabalik - Ayuntamiento Valle de Eg\u00fc\u00e9s | Eguesibarko Udala","isPartOf":{"@id":"https:\/\/www.valledeegues.com\/eu\/#website"},"primaryImageOfPage":{"@id":"https:\/\/www.valledeegues.com\/eu\/noticias\/familia-atsedena-zatoz-jolastu-eta-ikasi-eta-udazkeneko-aisialdi-gunea-izen-emateak-zabalik\/#primaryimage"},"image":{"@id":"https:\/\/www.valledeegues.com\/eu\/noticias\/familia-atsedena-zatoz-jolastu-eta-ikasi-eta-udazkeneko-aisialdi-gunea-izen-emateak-zabalik\/#primaryimage"},"thumbnailUrl":"https:\/\/www.valledeegues.com\/wp-content\/uploads\/2026\/09\/2B6A6FD7-22F5-4C66-843A-2473CC872F3D.png","datePublished":"2026-09-03T09:00:25+00:00","breadcrumb":{"@id":"https:\/\/www.valledeegues.com\/eu\/noticias\/familia-atsedena-zatoz-jolastu-eta-ikasi-eta-udazkeneko-aisialdi-gunea-izen-emateak-zabalik\/#breadcrumb"},"inLanguage":"eu-ES","potentialAction":[{"@type":"ReadAction","target":["https:\/\/www.valledeegues.com\/eu\/noticias\/familia-atsedena-zatoz-jolastu-eta-ikasi-eta-udazkeneko-aisialdi-gunea-izen-emateak-zabalik\/"]}]},{"@type":"ImageObject","inLanguage":"eu-ES","@id":"https:\/\/www.valledeegues.com\/eu\/noticias\/familia-atsedena-zatoz-jolastu-eta-ikasi-eta-udazkeneko-aisialdi-gunea-izen-emateak-zabalik\/#primaryimage","url":"https:\/\/www.valledeegues.com\/wp-content\/uploads\/2026\/09\/2B6A6FD7-22F5-4C66-843A-2473CC872F3D.png","contentUrl":"https:\/\/www.valledeegues.com\/wp-content\/uploads\/2026\/09\/2B6A6FD7-22F5-4C66-843A-2473CC872F3D.png","width":1672,"height":941},{"@type":"BreadcrumbList","@id":"https:\/\/www.valledeegues.com\/eu\/noticias\/familia-atsedena-zatoz-jolastu-eta-ikasi-eta-udazkeneko-aisialdi-gunea-izen-emateak-zabalik\/#breadcrumb","itemListElement":[{"@type":"ListItem","position":1,"name":"Azala","item":"https:\/\/www.valledeegues.com\/eu\/"},{"@type":"ListItem","position":2,"name":"Albisteak","item":"https:\/\/www.valledeegues.com\/eu\/noticias\/"},{"@type":"ListItem","position":3,"name":"Familia Atsedena, Zatoz, jolastu eta ikasi eta Udazkeneko aisialdi-gunea: izen-emateak zabalik"}]},{"@type":"WebSite","@id":"https:\/\/www.valledeegues.com\/eu\/#website","url":"https:\/\/www.valledeegues.com\/eu\/","name":"Ayuntamiento Valle de Eg\u00fc\u00e9s | Eguesibarko Udala","description":"Ayuntamiento Valle de Eg\u00fc\u00e9s | Eguesibarko Udala","publisher":{"@id":"https:\/\/www.valledeegues.com\/eu\/#organization"},"potentialAction":[{"@type":"SearchAction","target":{"@type":"EntryPoint","urlTemplate":"https:\/\/www.valledeegues.com\/eu\/?s={search_term_string}"},"query-input":{"@type":"PropertyValueSpecification","valueRequired":true,"valueName":"search_term_string"}}],"inLanguage":"eu-ES"},{"@type":"Organization","@id":"https:\/\/www.valledeegues.com\/eu\/#organization","name":"Ayuntamiento Valle de Egues","url":"https:\/\/www.valledeegues.com\/eu\/","logo":{"@type":"ImageObject","inLanguage":"eu-ES","@id":"https:\/\/www.valledeegues.com\/eu\/#\/schema\/logo\/image\/","url":"https:\/\/www.valledeegues.com\/wp-content\/uploads\/2019\/06\/logo-egues-escudo.svg","contentUrl":"https:\/\/www.valledeegues.com\/wp-content\/uploads\/2019\/06\/logo-egues-escudo.svg","width":529,"height":125,"caption":"Ayuntamiento Valle de Egues"},"image":{"@id":"https:\/\/www.valledeegues.com\/eu\/#\/schema\/logo\/image\/"},"sameAs":["https:\/\/www.facebook.com\/EguesEguesibar","https:\/\/x.com\/AValledeEgues","https:\/\/www.youtube.com\/channel\/UCUPvmkTy56ZAhGTVrzg4uDQ"]}]}},"_links":{"self":[{"href":"https:\/\/www.valledeegues.com\/eu\/wp-json\/wp\/v2\/noticias\/49183","targetHints":{"allow":["GET"]}}],"collection":[{"href":"https:\/\/www.valledeegues.com\/eu\/wp-json\/wp\/v2\/noticias"}],"about":[{"href":"https:\/\/www.valledeegues.com\/eu\/wp-json\/wp\/v2\/types\/noticias"}],"author":[{"embeddable":true,"href":"https:\/\/www.valledeegues.com\/eu\/wp-json\/wp\/v2\/users\/2"}],"wp:featuredmedia":[{"embeddable":true,"href":"https:\/\/www.valledeegues.com\/eu\/wp-json\/wp\/v2\/media\/49182"}],"wp:attachment":[{"href":"https:\/\/www.valledeegues.com\/eu\/wp-json\/wp\/v2\/media?parent=49183"}],"curies":[{"name":"wp","href":"https:\/\/api.w.org\/{rel}","templated":true}]}}